{"id":43,"date":"2011-09-03T12:28:50","date_gmt":"2011-09-03T10:28:50","guid":{"rendered":"https:\/\/schwarzott.de\/einezeitreise\/?p=43"},"modified":"2018-09-03T12:31:02","modified_gmt":"2018-09-03T10:31:02","slug":"dvt-digitalisierung-des-roentgens","status":"publish","type":"post","link":"https:\/\/schwarzott.de\/einezeitreise\/2011\/09\/03\/dvt-digitalisierung-des-roentgens\/","title":{"rendered":"DVT \u2013 Digitalisierung des R\u00f6ntgens"},"content":{"rendered":"<p>Modernste R\u00f6ntgentechnik f\u00fcr eine geringe Strahlungsbelastung und hochaufl\u00f6sendes dreidimensionales Bildmaterial<\/p>\n","protected":false},"excerpt":{"rendered":"<p>Modernste R\u00f6ntgentechnik f\u00fcr eine geringe Strahlungsbelastung und hochaufl\u00f6sendes dreidimensionales Bildmaterial<\/p>\n","protected":false},"author":2,"featured_media":44,"comment_status":"closed","ping_status":"closed","sticky":false,"template":"","format":"standard","meta":{"footnotes":""},"categories":[1],"tags":[],"class_list":["post-43","post","type-post","status-publish","format-standard","has-post-thumbnail","hentry","category-allgemein"],"yoast_head":"<!-- This site is optimized with the Yoast SEO plugin v24.4 - https:\/\/yoast.com\/wordpress\/plugins\/seo\/ -->\n<title>DVT \u2013 Digitalisierung des R\u00f6ntgens - EINE ZEITREISE - 25 JAHRE ZAHNARZTPRAXIS DR. PETER SCHWARZOTT<\/title>\n<meta name=\"robots\" content=\"index, follow, max-snippet:-1, max-image-preview:large, max-video-preview:-1\" \/>\n<link rel=\"canonical\" href=\"https:\/\/schwarzott.de\/einezeitreise\/2011\/09\/03\/dvt-digitalisierung-des-roentgens\/\" \/>\n<meta property=\"og:locale\" content=\"de_DE\" \/>\n<meta property=\"og:type\" content=\"article\" \/>\n<meta property=\"og:title\" content=\"DVT \u2013 Digitalisierung des R\u00f6ntgens - EINE ZEITREISE - 25 JAHRE ZAHNARZTPRAXIS DR. PETER SCHWARZOTT\" \/>\n<meta property=\"og:description\" content=\"Modernste R\u00f6ntgentechnik f\u00fcr eine geringe Strahlungsbelastung und hochaufl\u00f6sendes dreidimensionales Bildmaterial\" \/>\n<meta property=\"og:url\" content=\"https:\/\/schwarzott.de\/einezeitreise\/2011\/09\/03\/dvt-digitalisierung-des-roentgens\/\" \/>\n<meta property=\"og:site_name\" content=\"EINE ZEITREISE - 25 JAHRE ZAHNARZTPRAXIS DR. PETER SCHWARZOTT\" \/>\n<meta property=\"article:published_time\" content=\"2011-09-03T10:28:50+00:00\" \/>\n<meta property=\"article:modified_time\" content=\"2018-09-03T10:31:02+00:00\" \/>\n<meta property=\"og:image\" content=\"https:\/\/schwarzott.de\/einezeitreise\/wp-content\/uploads\/dvt.jpg\" \/>\n\t<meta property=\"og:image:width\" content=\"788\" \/>\n\t<meta property=\"og:image:height\" content=\"642\" \/>\n\t<meta property=\"og:image:type\" content=\"image\/jpeg\" \/>\n<meta name=\"author\" content=\"25 Jahre Zahnarztpraxis Dr. Schwarzott\" \/>\n<meta name=\"twitter:card\" content=\"summary_large_image\" \/>\n<meta name=\"twitter:label1\" content=\"Verfasst von\" \/>\n\t<meta name=\"twitter:data1\" content=\"25 Jahre Zahnarztpraxis Dr. Schwarzott\" \/>\n<script type=\"application\/ld+json\" class=\"yoast-schema-graph\">{\"@context\":\"https:\/\/schema.org\",\"@graph\":[{\"@type\":\"WebPage\",\"@id\":\"https:\/\/schwarzott.de\/einezeitreise\/2011\/09\/03\/dvt-digitalisierung-des-roentgens\/\",\"url\":\"https:\/\/schwarzott.de\/einezeitreise\/2011\/09\/03\/dvt-digitalisierung-des-roentgens\/\",\"name\":\"DVT \u2013 Digitalisierung des R\u00f6ntgens - EINE ZEITREISE - 25 JAHRE ZAHNARZTPRAXIS DR. PETER SCHWARZOTT\",\"isPartOf\":{\"@id\":\"https:\/\/schwarzott.de\/einezeitreise\/#website\"},\"primaryImageOfPage\":{\"@id\":\"https:\/\/schwarzott.de\/einezeitreise\/2011\/09\/03\/dvt-digitalisierung-des-roentgens\/#primaryimage\"},\"image\":{\"@id\":\"https:\/\/schwarzott.de\/einezeitreise\/2011\/09\/03\/dvt-digitalisierung-des-roentgens\/#primaryimage\"},\"thumbnailUrl\":\"https:\/\/schwarzott.de\/einezeitreise\/wp-content\/uploads\/dvt.jpg\",\"datePublished\":\"2011-09-03T10:28:50+00:00\",\"dateModified\":\"2018-09-03T10:31:02+00:00\",\"author\":{\"@id\":\"https:\/\/schwarzott.de\/einezeitreise\/#\/schema\/person\/f288b399f9541c0f9cda2e5fa631f257\"},\"breadcrumb\":{\"@id\":\"https:\/\/schwarzott.de\/einezeitreise\/2011\/09\/03\/dvt-digitalisierung-des-roentgens\/#breadcrumb\"},\"inLanguage\":\"de\",\"potentialAction\":[{\"@type\":\"ReadAction\",\"target\":[\"https:\/\/schwarzott.de\/einezeitreise\/2011\/09\/03\/dvt-digitalisierung-des-roentgens\/\"]}]},{\"@type\":\"ImageObject\",\"inLanguage\":\"de\",\"@id\":\"https:\/\/schwarzott.de\/einezeitreise\/2011\/09\/03\/dvt-digitalisierung-des-roentgens\/#primaryimage\",\"url\":\"https:\/\/schwarzott.de\/einezeitreise\/wp-content\/uploads\/dvt.jpg\",\"contentUrl\":\"https:\/\/schwarzott.de\/einezeitreise\/wp-content\/uploads\/dvt.jpg\",\"width\":788,\"height\":642},{\"@type\":\"BreadcrumbList\",\"@id\":\"https:\/\/schwarzott.de\/einezeitreise\/2011\/09\/03\/dvt-digitalisierung-des-roentgens\/#breadcrumb\",\"itemListElement\":[{\"@type\":\"ListItem\",\"position\":1,\"name\":\"Startseite\",\"item\":\"https:\/\/schwarzott.de\/einezeitreise\/\"},{\"@type\":\"ListItem\",\"position\":2,\"name\":\"DVT \u2013 Digitalisierung des R\u00f6ntgens\"}]},{\"@type\":\"WebSite\",\"@id\":\"https:\/\/schwarzott.de\/einezeitreise\/#website\",\"url\":\"https:\/\/schwarzott.de\/einezeitreise\/\",\"name\":\"EINE ZEITREISE - 25 JAHRE ZAHNARZTPRAXIS DR. PETER SCHWARZOTT\",\"description\":\"Wie hat sich die Praxis ver\u00e4ndert? Was hat uns im Laufe der Zeit bewegt? Wie hat sich die Zahnmedizin gewandelt? Die Geschichte unserer Praxis im Zeitverlauf!  Wir freuen uns zudem auf Ihre Anekdoten und Kommentare.\",\"potentialAction\":[{\"@type\":\"SearchAction\",\"target\":{\"@type\":\"EntryPoint\",\"urlTemplate\":\"https:\/\/schwarzott.de\/einezeitreise\/?s={search_term_string}\"},\"query-input\":{\"@type\":\"PropertyValueSpecification\",\"valueRequired\":true,\"valueName\":\"search_term_string\"}}],\"inLanguage\":\"de\"},{\"@type\":\"Person\",\"@id\":\"https:\/\/schwarzott.de\/einezeitreise\/#\/schema\/person\/f288b399f9541c0f9cda2e5fa631f257\",\"name\":\"25 Jahre Zahnarztpraxis Dr. Schwarzott\",\"url\":\"https:\/\/schwarzott.de\/einezeitreise\/author\/25-jahre-zahnarztpraxis-dr-schwarzott\/\"}]}<\/script>\n<!-- \/ Yoast SEO plugin. -->","yoast_head_json":{"title":"DVT \u2013 Digitalisierung des R\u00f6ntgens - EINE ZEITREISE - 25 JAHRE ZAHNARZTPRAXIS DR. PETER SCHWARZOTT","robots":{"index":"index","follow":"follow","max-snippet":"max-snippet:-1","max-image-preview":"max-image-preview:large","max-video-preview":"max-video-preview:-1"},"canonical":"https:\/\/schwarzott.de\/einezeitreise\/2011\/09\/03\/dvt-digitalisierung-des-roentgens\/","og_locale":"de_DE","og_type":"article","og_title":"DVT \u2013 Digitalisierung des R\u00f6ntgens - EINE ZEITREISE - 25 JAHRE ZAHNARZTPRAXIS DR. PETER SCHWARZOTT","og_description":"Modernste R\u00f6ntgentechnik f\u00fcr eine geringe Strahlungsbelastung und hochaufl\u00f6sendes dreidimensionales Bildmaterial","og_url":"https:\/\/schwarzott.de\/einezeitreise\/2011\/09\/03\/dvt-digitalisierung-des-roentgens\/","og_site_name":"EINE ZEITREISE - 25 JAHRE ZAHNARZTPRAXIS DR. PETER SCHWARZOTT","article_published_time":"2011-09-03T10:28:50+00:00","article_modified_time":"2018-09-03T10:31:02+00:00","og_image":[{"width":788,"height":642,"url":"https:\/\/schwarzott.de\/einezeitreise\/wp-content\/uploads\/dvt.jpg","type":"image\/jpeg"}],"author":"25 Jahre Zahnarztpraxis Dr. Schwarzott","twitter_card":"summary_large_image","twitter_misc":{"Verfasst von":"25 Jahre Zahnarztpraxis Dr. Schwarzott"},"schema":{"@context":"https:\/\/schema.org","@graph":[{"@type":"WebPage","@id":"https:\/\/schwarzott.de\/einezeitreise\/2011\/09\/03\/dvt-digitalisierung-des-roentgens\/","url":"https:\/\/schwarzott.de\/einezeitreise\/2011\/09\/03\/dvt-digitalisierung-des-roentgens\/","name":"DVT \u2013 Digitalisierung des R\u00f6ntgens - EINE ZEITREISE - 25 JAHRE ZAHNARZTPRAXIS DR. PETER SCHWARZOTT","isPartOf":{"@id":"https:\/\/schwarzott.de\/einezeitreise\/#website"},"primaryImageOfPage":{"@id":"https:\/\/schwarzott.de\/einezeitreise\/2011\/09\/03\/dvt-digitalisierung-des-roentgens\/#primaryimage"},"image":{"@id":"https:\/\/schwarzott.de\/einezeitreise\/2011\/09\/03\/dvt-digitalisierung-des-roentgens\/#primaryimage"},"thumbnailUrl":"https:\/\/schwarzott.de\/einezeitreise\/wp-content\/uploads\/dvt.jpg","datePublished":"2011-09-03T10:28:50+00:00","dateModified":"2018-09-03T10:31:02+00:00","author":{"@id":"https:\/\/schwarzott.de\/einezeitreise\/#\/schema\/person\/f288b399f9541c0f9cda2e5fa631f257"},"breadcrumb":{"@id":"https:\/\/schwarzott.de\/einezeitreise\/2011\/09\/03\/dvt-digitalisierung-des-roentgens\/#breadcrumb"},"inLanguage":"de","potentialAction":[{"@type":"ReadAction","target":["https:\/\/schwarzott.de\/einezeitreise\/2011\/09\/03\/dvt-digitalisierung-des-roentgens\/"]}]},{"@type":"ImageObject","inLanguage":"de","@id":"https:\/\/schwarzott.de\/einezeitreise\/2011\/09\/03\/dvt-digitalisierung-des-roentgens\/#primaryimage","url":"https:\/\/schwarzott.de\/einezeitreise\/wp-content\/uploads\/dvt.jpg","contentUrl":"https:\/\/schwarzott.de\/einezeitreise\/wp-content\/uploads\/dvt.jpg","width":788,"height":642},{"@type":"BreadcrumbList","@id":"https:\/\/schwarzott.de\/einezeitreise\/2011\/09\/03\/dvt-digitalisierung-des-roentgens\/#breadcrumb","itemListElement":[{"@type":"ListItem","position":1,"name":"Startseite","item":"https:\/\/schwarzott.de\/einezeitreise\/"},{"@type":"ListItem","position":2,"name":"DVT \u2013 Digitalisierung des R\u00f6ntgens"}]},{"@type":"WebSite","@id":"https:\/\/schwarzott.de\/einezeitreise\/#website","url":"https:\/\/schwarzott.de\/einezeitreise\/","name":"EINE ZEITREISE - 25 JAHRE ZAHNARZTPRAXIS DR. PETER SCHWARZOTT","description":"Wie hat sich die Praxis ver\u00e4ndert? Was hat uns im Laufe der Zeit bewegt? Wie hat sich die Zahnmedizin gewandelt? Die Geschichte unserer Praxis im Zeitverlauf!  Wir freuen uns zudem auf Ihre Anekdoten und Kommentare.","potentialAction":[{"@type":"SearchAction","target":{"@type":"EntryPoint","urlTemplate":"https:\/\/schwarzott.de\/einezeitreise\/?s={search_term_string}"},"query-input":{"@type":"PropertyValueSpecification","valueRequired":true,"valueName":"search_term_string"}}],"inLanguage":"de"},{"@type":"Person","@id":"https:\/\/schwarzott.de\/einezeitreise\/#\/schema\/person\/f288b399f9541c0f9cda2e5fa631f257","name":"25 Jahre Zahnarztpraxis Dr. Schwarzott","url":"https:\/\/schwarzott.de\/einezeitreise\/author\/25-jahre-zahnarztpraxis-dr-schwarzott\/"}]}},"_links":{"self":[{"href":"https:\/\/schwarzott.de\/einezeitreise\/wp-json\/wp\/v2\/posts\/43","targetHints":{"allow":["GET"]}}],"collection":[{"href":"https:\/\/schwarzott.de\/einezeitreise\/wp-json\/wp\/v2\/posts"}],"about":[{"href":"https:\/\/schwarzott.de\/einezeitreise\/wp-json\/wp\/v2\/types\/post"}],"author":[{"embeddable":true,"href":"https:\/\/schwarzott.de\/einezeitreise\/wp-json\/wp\/v2\/users\/2"}],"replies":[{"embeddable":true,"href":"https:\/\/schwarzott.de\/einezeitreise\/wp-json\/wp\/v2\/comments?post=43"}],"version-history":[{"count":0,"href":"https:\/\/schwarzott.de\/einezeitreise\/wp-json\/wp\/v2\/posts\/43\/revisions"}],"wp:featuredmedia":[{"embeddable":true,"href":"https:\/\/schwarzott.de\/einezeitreise\/wp-json\/wp\/v2\/media\/44"}],"wp:attachment":[{"href":"https:\/\/schwarzott.de\/einezeitreise\/wp-json\/wp\/v2\/media?parent=43"}],"wp:term":[{"taxonomy":"category","embeddable":true,"href":"https:\/\/schwarzott.de\/einezeitreise\/wp-json\/wp\/v2\/categories?post=43"},{"taxonomy":"post_tag","embeddable":true,"href":"https:\/\/schwarzott.de\/einezeitreise\/wp-json\/wp\/v2\/tags?post=43"}],"curies":[{"name":"wp","href":"https:\/\/api.w.org\/{rel}","templated":true}]}}