{"id":72,"date":"2016-09-04T12:51:30","date_gmt":"2016-09-04T10:51:30","guid":{"rendered":"https:\/\/schwarzott.de\/einezeitreise\/?p=72"},"modified":"2019-09-01T02:46:52","modified_gmt":"2019-09-01T00:46:52","slug":"weihnachtskarten","status":"publish","type":"post","link":"https:\/\/schwarzott.de\/einezeitreise\/2016\/09\/04\/weihnachtskarten\/","title":{"rendered":"Weihnachtskarten unserer Patienten"},"content":{"rendered":"<p>Wir freuen uns immer sehr \u00fcber die R\u00fcckmeldungen und Gr\u00fc\u00dfe unserer Patienten, hier zum Weihnachtsfest 2016<\/p>\n","protected":false},"excerpt":{"rendered":"<p>Wir freuen uns immer sehr \u00fcber die R\u00fcckmeldungen und Gr\u00fc\u00dfe unserer Patienten, hier zum Weihnachtsfest 2016<\/p>\n","protected":false},"author":2,"featured_media":73,"comment_status":"closed","ping_status":"closed","sticky":false,"template":"","format":"standard","meta":{"footnotes":""},"categories":[1],"tags":[],"class_list":["post-72","post","type-post","status-publish","format-standard","has-post-thumbnail","hentry","category-allgemein"],"yoast_head":"<!-- This site is optimized with the Yoast SEO plugin v24.4 - https:\/\/yoast.com\/wordpress\/plugins\/seo\/ -->\n<title>Weihnachtskarten unserer Patienten - EINE ZEITREISE - 25 JAHRE ZAHNARZTPRAXIS DR. PETER SCHWARZOTT<\/title>\n<meta name=\"robots\" content=\"index, follow, max-snippet:-1, max-image-preview:large, max-video-preview:-1\" \/>\n<link rel=\"canonical\" href=\"https:\/\/schwarzott.de\/einezeitreise\/2016\/09\/04\/weihnachtskarten\/\" \/>\n<meta property=\"og:locale\" content=\"de_DE\" \/>\n<meta property=\"og:type\" content=\"article\" \/>\n<meta property=\"og:title\" content=\"Weihnachtskarten unserer Patienten - EINE ZEITREISE - 25 JAHRE ZAHNARZTPRAXIS DR. PETER SCHWARZOTT\" \/>\n<meta property=\"og:description\" content=\"Wir freuen uns immer sehr \u00fcber die R\u00fcckmeldungen und Gr\u00fc\u00dfe unserer Patienten, hier zum Weihnachtsfest 2016\" \/>\n<meta property=\"og:url\" content=\"https:\/\/schwarzott.de\/einezeitreise\/2016\/09\/04\/weihnachtskarten\/\" \/>\n<meta property=\"og:site_name\" content=\"EINE ZEITREISE - 25 JAHRE ZAHNARZTPRAXIS DR. PETER SCHWARZOTT\" \/>\n<meta property=\"article:published_time\" content=\"2016-09-04T10:51:30+00:00\" \/>\n<meta property=\"article:modified_time\" content=\"2019-09-01T00:46:52+00:00\" \/>\n<meta property=\"og:image\" content=\"https:\/\/schwarzott.de\/einezeitreise\/wp-content\/uploads\/karten.jpg\" \/>\n\t<meta property=\"og:image:width\" content=\"520\" \/>\n\t<meta property=\"og:image:height\" content=\"350\" \/>\n\t<meta property=\"og:image:type\" content=\"image\/jpeg\" \/>\n<meta name=\"author\" content=\"25 Jahre Zahnarztpraxis Dr. Schwarzott\" \/>\n<meta name=\"twitter:card\" content=\"summary_large_image\" \/>\n<meta name=\"twitter:label1\" content=\"Verfasst von\" \/>\n\t<meta name=\"twitter:data1\" content=\"25 Jahre Zahnarztpraxis Dr. Schwarzott\" \/>\n<script type=\"application\/ld+json\" class=\"yoast-schema-graph\">{\"@context\":\"https:\/\/schema.org\",\"@graph\":[{\"@type\":\"WebPage\",\"@id\":\"https:\/\/schwarzott.de\/einezeitreise\/2016\/09\/04\/weihnachtskarten\/\",\"url\":\"https:\/\/schwarzott.de\/einezeitreise\/2016\/09\/04\/weihnachtskarten\/\",\"name\":\"Weihnachtskarten unserer Patienten - EINE ZEITREISE - 25 JAHRE ZAHNARZTPRAXIS DR. PETER SCHWARZOTT\",\"isPartOf\":{\"@id\":\"https:\/\/schwarzott.de\/einezeitreise\/#website\"},\"primaryImageOfPage\":{\"@id\":\"https:\/\/schwarzott.de\/einezeitreise\/2016\/09\/04\/weihnachtskarten\/#primaryimage\"},\"image\":{\"@id\":\"https:\/\/schwarzott.de\/einezeitreise\/2016\/09\/04\/weihnachtskarten\/#primaryimage\"},\"thumbnailUrl\":\"https:\/\/schwarzott.de\/einezeitreise\/wp-content\/uploads\/karten.jpg\",\"datePublished\":\"2016-09-04T10:51:30+00:00\",\"dateModified\":\"2019-09-01T00:46:52+00:00\",\"author\":{\"@id\":\"https:\/\/schwarzott.de\/einezeitreise\/#\/schema\/person\/f288b399f9541c0f9cda2e5fa631f257\"},\"breadcrumb\":{\"@id\":\"https:\/\/schwarzott.de\/einezeitreise\/2016\/09\/04\/weihnachtskarten\/#breadcrumb\"},\"inLanguage\":\"de\",\"potentialAction\":[{\"@type\":\"ReadAction\",\"target\":[\"https:\/\/schwarzott.de\/einezeitreise\/2016\/09\/04\/weihnachtskarten\/\"]}]},{\"@type\":\"ImageObject\",\"inLanguage\":\"de\",\"@id\":\"https:\/\/schwarzott.de\/einezeitreise\/2016\/09\/04\/weihnachtskarten\/#primaryimage\",\"url\":\"https:\/\/schwarzott.de\/einezeitreise\/wp-content\/uploads\/karten.jpg\",\"contentUrl\":\"https:\/\/schwarzott.de\/einezeitreise\/wp-content\/uploads\/karten.jpg\",\"width\":520,\"height\":350},{\"@type\":\"BreadcrumbList\",\"@id\":\"https:\/\/schwarzott.de\/einezeitreise\/2016\/09\/04\/weihnachtskarten\/#breadcrumb\",\"itemListElement\":[{\"@type\":\"ListItem\",\"position\":1,\"name\":\"Startseite\",\"item\":\"https:\/\/schwarzott.de\/einezeitreise\/\"},{\"@type\":\"ListItem\",\"position\":2,\"name\":\"Weihnachtskarten unserer Patienten\"}]},{\"@type\":\"WebSite\",\"@id\":\"https:\/\/schwarzott.de\/einezeitreise\/#website\",\"url\":\"https:\/\/schwarzott.de\/einezeitreise\/\",\"name\":\"EINE ZEITREISE - 25 JAHRE ZAHNARZTPRAXIS DR. PETER SCHWARZOTT\",\"description\":\"Wie hat sich die Praxis ver\u00e4ndert? Was hat uns im Laufe der Zeit bewegt? Wie hat sich die Zahnmedizin gewandelt? Die Geschichte unserer Praxis im Zeitverlauf!  Wir freuen uns zudem auf Ihre Anekdoten und Kommentare.\",\"potentialAction\":[{\"@type\":\"SearchAction\",\"target\":{\"@type\":\"EntryPoint\",\"urlTemplate\":\"https:\/\/schwarzott.de\/einezeitreise\/?s={search_term_string}\"},\"query-input\":{\"@type\":\"PropertyValueSpecification\",\"valueRequired\":true,\"valueName\":\"search_term_string\"}}],\"inLanguage\":\"de\"},{\"@type\":\"Person\",\"@id\":\"https:\/\/schwarzott.de\/einezeitreise\/#\/schema\/person\/f288b399f9541c0f9cda2e5fa631f257\",\"name\":\"25 Jahre Zahnarztpraxis Dr. Schwarzott\",\"url\":\"https:\/\/schwarzott.de\/einezeitreise\/author\/25-jahre-zahnarztpraxis-dr-schwarzott\/\"}]}<\/script>\n<!-- \/ Yoast SEO plugin. -->","yoast_head_json":{"title":"Weihnachtskarten unserer Patienten - EINE ZEITREISE - 25 JAHRE ZAHNARZTPRAXIS DR. PETER SCHWARZOTT","robots":{"index":"index","follow":"follow","max-snippet":"max-snippet:-1","max-image-preview":"max-image-preview:large","max-video-preview":"max-video-preview:-1"},"canonical":"https:\/\/schwarzott.de\/einezeitreise\/2016\/09\/04\/weihnachtskarten\/","og_locale":"de_DE","og_type":"article","og_title":"Weihnachtskarten unserer Patienten - EINE ZEITREISE - 25 JAHRE ZAHNARZTPRAXIS DR. PETER SCHWARZOTT","og_description":"Wir freuen uns immer sehr \u00fcber die R\u00fcckmeldungen und Gr\u00fc\u00dfe unserer Patienten, hier zum Weihnachtsfest 2016","og_url":"https:\/\/schwarzott.de\/einezeitreise\/2016\/09\/04\/weihnachtskarten\/","og_site_name":"EINE ZEITREISE - 25 JAHRE ZAHNARZTPRAXIS DR. PETER SCHWARZOTT","article_published_time":"2016-09-04T10:51:30+00:00","article_modified_time":"2019-09-01T00:46:52+00:00","og_image":[{"width":520,"height":350,"url":"https:\/\/schwarzott.de\/einezeitreise\/wp-content\/uploads\/karten.jpg","type":"image\/jpeg"}],"author":"25 Jahre Zahnarztpraxis Dr. Schwarzott","twitter_card":"summary_large_image","twitter_misc":{"Verfasst von":"25 Jahre Zahnarztpraxis Dr. Schwarzott"},"schema":{"@context":"https:\/\/schema.org","@graph":[{"@type":"WebPage","@id":"https:\/\/schwarzott.de\/einezeitreise\/2016\/09\/04\/weihnachtskarten\/","url":"https:\/\/schwarzott.de\/einezeitreise\/2016\/09\/04\/weihnachtskarten\/","name":"Weihnachtskarten unserer Patienten - EINE ZEITREISE - 25 JAHRE ZAHNARZTPRAXIS DR. PETER SCHWARZOTT","isPartOf":{"@id":"https:\/\/schwarzott.de\/einezeitreise\/#website"},"primaryImageOfPage":{"@id":"https:\/\/schwarzott.de\/einezeitreise\/2016\/09\/04\/weihnachtskarten\/#primaryimage"},"image":{"@id":"https:\/\/schwarzott.de\/einezeitreise\/2016\/09\/04\/weihnachtskarten\/#primaryimage"},"thumbnailUrl":"https:\/\/schwarzott.de\/einezeitreise\/wp-content\/uploads\/karten.jpg","datePublished":"2016-09-04T10:51:30+00:00","dateModified":"2019-09-01T00:46:52+00:00","author":{"@id":"https:\/\/schwarzott.de\/einezeitreise\/#\/schema\/person\/f288b399f9541c0f9cda2e5fa631f257"},"breadcrumb":{"@id":"https:\/\/schwarzott.de\/einezeitreise\/2016\/09\/04\/weihnachtskarten\/#breadcrumb"},"inLanguage":"de","potentialAction":[{"@type":"ReadAction","target":["https:\/\/schwarzott.de\/einezeitreise\/2016\/09\/04\/weihnachtskarten\/"]}]},{"@type":"ImageObject","inLanguage":"de","@id":"https:\/\/schwarzott.de\/einezeitreise\/2016\/09\/04\/weihnachtskarten\/#primaryimage","url":"https:\/\/schwarzott.de\/einezeitreise\/wp-content\/uploads\/karten.jpg","contentUrl":"https:\/\/schwarzott.de\/einezeitreise\/wp-content\/uploads\/karten.jpg","width":520,"height":350},{"@type":"BreadcrumbList","@id":"https:\/\/schwarzott.de\/einezeitreise\/2016\/09\/04\/weihnachtskarten\/#breadcrumb","itemListElement":[{"@type":"ListItem","position":1,"name":"Startseite","item":"https:\/\/schwarzott.de\/einezeitreise\/"},{"@type":"ListItem","position":2,"name":"Weihnachtskarten unserer Patienten"}]},{"@type":"WebSite","@id":"https:\/\/schwarzott.de\/einezeitreise\/#website","url":"https:\/\/schwarzott.de\/einezeitreise\/","name":"EINE ZEITREISE - 25 JAHRE ZAHNARZTPRAXIS DR. PETER SCHWARZOTT","description":"Wie hat sich die Praxis ver\u00e4ndert? Was hat uns im Laufe der Zeit bewegt? Wie hat sich die Zahnmedizin gewandelt? Die Geschichte unserer Praxis im Zeitverlauf!  Wir freuen uns zudem auf Ihre Anekdoten und Kommentare.","potentialAction":[{"@type":"SearchAction","target":{"@type":"EntryPoint","urlTemplate":"https:\/\/schwarzott.de\/einezeitreise\/?s={search_term_string}"},"query-input":{"@type":"PropertyValueSpecification","valueRequired":true,"valueName":"search_term_string"}}],"inLanguage":"de"},{"@type":"Person","@id":"https:\/\/schwarzott.de\/einezeitreise\/#\/schema\/person\/f288b399f9541c0f9cda2e5fa631f257","name":"25 Jahre Zahnarztpraxis Dr. Schwarzott","url":"https:\/\/schwarzott.de\/einezeitreise\/author\/25-jahre-zahnarztpraxis-dr-schwarzott\/"}]}},"_links":{"self":[{"href":"https:\/\/schwarzott.de\/einezeitreise\/wp-json\/wp\/v2\/posts\/72","targetHints":{"allow":["GET"]}}],"collection":[{"href":"https:\/\/schwarzott.de\/einezeitreise\/wp-json\/wp\/v2\/posts"}],"about":[{"href":"https:\/\/schwarzott.de\/einezeitreise\/wp-json\/wp\/v2\/types\/post"}],"author":[{"embeddable":true,"href":"https:\/\/schwarzott.de\/einezeitreise\/wp-json\/wp\/v2\/users\/2"}],"replies":[{"embeddable":true,"href":"https:\/\/schwarzott.de\/einezeitreise\/wp-json\/wp\/v2\/comments?post=72"}],"version-history":[{"count":0,"href":"https:\/\/schwarzott.de\/einezeitreise\/wp-json\/wp\/v2\/posts\/72\/revisions"}],"wp:featuredmedia":[{"embeddable":true,"href":"https:\/\/schwarzott.de\/einezeitreise\/wp-json\/wp\/v2\/media\/73"}],"wp:attachment":[{"href":"https:\/\/schwarzott.de\/einezeitreise\/wp-json\/wp\/v2\/media?parent=72"}],"wp:term":[{"taxonomy":"category","embeddable":true,"href":"https:\/\/schwarzott.de\/einezeitreise\/wp-json\/wp\/v2\/categories?post=72"},{"taxonomy":"post_tag","embeddable":true,"href":"https:\/\/schwarzott.de\/einezeitreise\/wp-json\/wp\/v2\/tags?post=72"}],"curies":[{"name":"wp","href":"https:\/\/api.w.org\/{rel}","templated":true}]}}